{"id":4508,"date":"2023-06-16T03:49:00","date_gmt":"2023-06-16T02:49:00","guid":{"rendered":"https:\/\/veronasdavit.org\/veronasdavit\/?p=4508"},"modified":"2025-06-16T04:33:18","modified_gmt":"2025-06-16T03:33:18","slug":"dia-da-crianca-16-de-junho-de-2023","status":"publish","type":"post","link":"https:\/\/veronasdavit.org\/veronasdavit\/dia-da-crianca-16-de-junho-de-2023\/","title":{"rendered":"DIA DA CRIAN\u00c7A &#8211; 16 DE JUNHO DE 2023"},"content":{"rendered":"\n<p>Em Junho, dia 15 do ano 2023, em alus\u00e3o ao m\u00eas da Crian\u00e7a, A Associa\u00e7\u00e3o Veronas Davit realizou uma a\u00e7\u00e3o social no Centro de Acolhimento de Crian\u00e7as Arnaldo Janssen; uma actividade que contou com a entrega dos seguintes produtos:<\/p>\n\n\n\n<p>\u2022 Arroz<br>\u2022 \u00d3leo alimentar<br>\u2022 Fub\u00e1 de milho<br>\u2022 A\u00e7\u00facar<br>\u2022 Sal<br>\u2022 Trigo<br>\u2022 Omo<br>\u2022 Massa<br>\u2022 Feij\u00e3o<br>\u2022 Leite<br>\u2022 Bolacha<br>\u2022 Ervilha.<\/p>\n\n\n\n<figure class=\"wp-block-gallery has-nested-images columns-default is-cropped wp-block-gallery-1 is-layout-flex wp-block-gallery-is-layout-flex\">\n<figure class=\"wp-block-image size-large\"><img fetchpriority=\"high\" decoding=\"async\" width=\"768\" height=\"1024\" data-id=\"4512\" src=\"https:\/\/veronasdavit.org\/veronasdavit\/wp-content\/uploads\/2025\/06\/Destaque-1.jpg\" alt=\"\" class=\"wp-image-4512\" srcset=\"https:\/\/veronasdavit.org\/veronasdavit\/wp-content\/uploads\/2025\/06\/Destaque-1.jpg 768w, https:\/\/veronasdavit.org\/veronasdavit\/wp-content\/uploads\/2025\/06\/Destaque-1-225x300.jpg 225w, https:\/\/veronasdavit.org\/veronasdavit\/wp-content\/uploads\/2025\/06\/Destaque-1-600x800.jpg 600w\" sizes=\"(max-width: 768px) 100vw, 768px\" \/><\/figure>\n\n\n\n<figure class=\"wp-block-image size-large\"><img decoding=\"async\" width=\"1024\" height=\"768\" data-id=\"4511\" data-src=\"https:\/\/veronasdavit.org\/veronasdavit\/wp-content\/uploads\/2025\/06\/Destaque-4.jpg\" alt=\"\" class=\"wp-image-4511 lazyload\" data-srcset=\"https:\/\/veronasdavit.org\/veronasdavit\/wp-content\/uploads\/2025\/06\/Destaque-4.jpg 1024w, https:\/\/veronasdavit.org\/veronasdavit\/wp-content\/uploads\/2025\/06\/Destaque-4-300x225.jpg 300w, https:\/\/veronasdavit.org\/veronasdavit\/wp-content\/uploads\/2025\/06\/Destaque-4-768x576.jpg 768w, https:\/\/veronasdavit.org\/veronasdavit\/wp-content\/uploads\/2025\/06\/Destaque-4-600x450.jpg 600w\" data-sizes=\"(max-width: 1024px) 100vw, 1024px\" src=\"data:image\/svg+xml;base64,PHN2ZyB3aWR0aD0iMSIgaGVpZ2h0PSIxIiB4bWxucz0iaHR0cDovL3d3dy53My5vcmcvMjAwMC9zdmciPjwvc3ZnPg==\" style=\"--smush-placeholder-width: 1024px; --smush-placeholder-aspect-ratio: 1024\/768;\" \/><\/figure>\n\n\n\n<figure class=\"wp-block-image size-large\"><img decoding=\"async\" width=\"1024\" height=\"768\" data-id=\"4510\" data-src=\"https:\/\/veronasdavit.org\/veronasdavit\/wp-content\/uploads\/2025\/06\/Destaque-3.jpg\" alt=\"\" class=\"wp-image-4510 lazyload\" data-srcset=\"https:\/\/veronasdavit.org\/veronasdavit\/wp-content\/uploads\/2025\/06\/Destaque-3.jpg 1024w, https:\/\/veronasdavit.org\/veronasdavit\/wp-content\/uploads\/2025\/06\/Destaque-3-300x225.jpg 300w, https:\/\/veronasdavit.org\/veronasdavit\/wp-content\/uploads\/2025\/06\/Destaque-3-768x576.jpg 768w, https:\/\/veronasdavit.org\/veronasdavit\/wp-content\/uploads\/2025\/06\/Destaque-3-600x450.jpg 600w\" data-sizes=\"(max-width: 1024px) 100vw, 1024px\" src=\"data:image\/svg+xml;base64,PHN2ZyB3aWR0aD0iMSIgaGVpZ2h0PSIxIiB4bWxucz0iaHR0cDovL3d3dy53My5vcmcvMjAwMC9zdmciPjwvc3ZnPg==\" style=\"--smush-placeholder-width: 1024px; --smush-placeholder-aspect-ratio: 1024\/768;\" \/><\/figure>\n\n\n\n<figure class=\"wp-block-image size-large\"><img decoding=\"async\" width=\"768\" height=\"1024\" data-id=\"4509\" data-src=\"https:\/\/veronasdavit.org\/veronasdavit\/wp-content\/uploads\/2025\/06\/Destaque-2-1.jpg\" alt=\"\" class=\"wp-image-4509 lazyload\" data-srcset=\"https:\/\/veronasdavit.org\/veronasdavit\/wp-content\/uploads\/2025\/06\/Destaque-2-1.jpg 768w, https:\/\/veronasdavit.org\/veronasdavit\/wp-content\/uploads\/2025\/06\/Destaque-2-1-225x300.jpg 225w, https:\/\/veronasdavit.org\/veronasdavit\/wp-content\/uploads\/2025\/06\/Destaque-2-1-600x800.jpg 600w\" data-sizes=\"(max-width: 768px) 100vw, 768px\" src=\"data:image\/svg+xml;base64,PHN2ZyB3aWR0aD0iMSIgaGVpZ2h0PSIxIiB4bWxucz0iaHR0cDovL3d3dy53My5vcmcvMjAwMC9zdmciPjwvc3ZnPg==\" style=\"--smush-placeholder-width: 768px; --smush-placeholder-aspect-ratio: 768\/1024;\" \/><\/figure>\n<\/figure>\n\n    <div class=\"xs_social_share_widget xs_share_url after_content \t\tmain_content  wslu-style-1 wslu-share-box-shaped wslu-fill-colored wslu-none wslu-share-horizontal wslu-theme-font-no wslu-main_content\">\n\n\t\t\n        <ul>\n\t\t\t        <\/ul>\n    <\/div> \n","protected":false},"excerpt":{"rendered":"<p>Em Junho, dia 15 do ano 2023, em alus\u00e3o ao m\u00eas da Crian\u00e7a, A Associa\u00e7\u00e3o Veronas Davit realizou uma a\u00e7\u00e3o social no Centro de Acolhimento de Crian\u00e7as Arnaldo Janssen; uma actividade que contou com a entrega dos seguintes produtos: \u2022 Arroz\u2022 \u00d3leo alimentar\u2022 Fub\u00e1 de milho\u2022 A\u00e7\u00facar\u2022 Sal\u2022 Trigo\u2022 Omo\u2022 Massa\u2022 Feij\u00e3o\u2022 Leite\u2022 Bolacha\u2022 Ervilha.<\/p>\n","protected":false},"author":1,"featured_media":4511,"comment_status":"open","ping_status":"open","sticky":false,"template":"","format":"standard","meta":{"_acf_changed":false,"give_campaign_id":0,"postBodyCss":"","postBodyMargin":[],"postBodyPadding":[],"postBodyBackground":{"backgroundType":"classic","gradient":""},"footnotes":""},"categories":[41],"tags":[],"class_list":["post-4508","post","type-post","status-publish","format-standard","has-post-thumbnail","hentry","category-actividades-sociais"],"acf":[],"_links":{"self":[{"href":"https:\/\/veronasdavit.org\/veronasdavit\/wp-json\/wp\/v2\/posts\/4508","targetHints":{"allow":["GET"]}}],"collection":[{"href":"https:\/\/veronasdavit.org\/veronasdavit\/wp-json\/wp\/v2\/posts"}],"about":[{"href":"https:\/\/veronasdavit.org\/veronasdavit\/wp-json\/wp\/v2\/types\/post"}],"author":[{"embeddable":true,"href":"https:\/\/veronasdavit.org\/veronasdavit\/wp-json\/wp\/v2\/users\/1"}],"replies":[{"embeddable":true,"href":"https:\/\/veronasdavit.org\/veronasdavit\/wp-json\/wp\/v2\/comments?post=4508"}],"version-history":[{"count":1,"href":"https:\/\/veronasdavit.org\/veronasdavit\/wp-json\/wp\/v2\/posts\/4508\/revisions"}],"predecessor-version":[{"id":4513,"href":"https:\/\/veronasdavit.org\/veronasdavit\/wp-json\/wp\/v2\/posts\/4508\/revisions\/4513"}],"wp:featuredmedia":[{"embeddable":true,"href":"https:\/\/veronasdavit.org\/veronasdavit\/wp-json\/wp\/v2\/media\/4511"}],"wp:attachment":[{"href":"https:\/\/veronasdavit.org\/veronasdavit\/wp-json\/wp\/v2\/media?parent=4508"}],"wp:term":[{"taxonomy":"category","embeddable":true,"href":"https:\/\/veronasdavit.org\/veronasdavit\/wp-json\/wp\/v2\/categories?post=4508"},{"taxonomy":"post_tag","embeddable":true,"href":"https:\/\/veronasdavit.org\/veronasdavit\/wp-json\/wp\/v2\/tags?post=4508"}],"curies":[{"name":"wp","href":"https:\/\/api.w.org\/{rel}","templated":true}]}}