{"id":4487,"date":"2021-09-21T03:36:00","date_gmt":"2021-09-21T02:36:00","guid":{"rendered":"https:\/\/veronasdavit.org\/veronasdavit\/?p=4487"},"modified":"2025-06-16T03:40:56","modified_gmt":"2025-06-16T02:40:56","slug":"actividade-realizada-no-lar-da-terceira-idade","status":"publish","type":"post","link":"https:\/\/veronasdavit.org\/veronasdavit\/actividade-realizada-no-lar-da-terceira-idade\/","title":{"rendered":"ACTIVIDADE REALIZADA NO LAR DA TERCEIRA IDADE"},"content":{"rendered":"\n<p>Em Setembro, dia 21 do ano 2021, em alus\u00e3o ao m\u00eas da Crian\u00e7a, A Associa\u00e7\u00e3o Veronas Davit realizou uma a\u00e7\u00e3o social no Centro de Acolhimento de Idosos, vulgo beiral; uma actividade que contou com a entrega dos seguintes produtos:<\/p>\n\n\n\n<ul class=\"wp-block-list\">\n<li>Arroz<\/li>\n\n\n\n<li>\u00d3leo alimentar<\/li>\n\n\n\n<li>Fub\u00e1 de milho<\/li>\n\n\n\n<li>A\u00e7\u00facar<\/li>\n\n\n\n<li>Sopa.<\/li>\n<\/ul>\n\n\n\n<figure class=\"wp-block-gallery has-nested-images columns-default is-cropped wp-block-gallery-1 is-layout-flex wp-block-gallery-is-layout-flex\">\n<figure class=\"wp-block-image size-large\"><img fetchpriority=\"high\" decoding=\"async\" width=\"960\" height=\"540\" data-id=\"4490\" src=\"https:\/\/veronasdavit.org\/veronasdavit\/wp-content\/uploads\/2025\/06\/03-3.jpg\" alt=\"\" class=\"wp-image-4490\" srcset=\"https:\/\/veronasdavit.org\/veronasdavit\/wp-content\/uploads\/2025\/06\/03-3.jpg 960w, https:\/\/veronasdavit.org\/veronasdavit\/wp-content\/uploads\/2025\/06\/03-3-300x169.jpg 300w, https:\/\/veronasdavit.org\/veronasdavit\/wp-content\/uploads\/2025\/06\/03-3-768x432.jpg 768w, https:\/\/veronasdavit.org\/veronasdavit\/wp-content\/uploads\/2025\/06\/03-3-600x338.jpg 600w\" sizes=\"(max-width: 960px) 100vw, 960px\" \/><\/figure>\n\n\n\n<figure class=\"wp-block-image size-large\"><img decoding=\"async\" width=\"960\" height=\"540\" data-id=\"4489\" data-src=\"https:\/\/veronasdavit.org\/veronasdavit\/wp-content\/uploads\/2025\/06\/01-3.jpg\" alt=\"\" class=\"wp-image-4489 lazyload\" data-srcset=\"https:\/\/veronasdavit.org\/veronasdavit\/wp-content\/uploads\/2025\/06\/01-3.jpg 960w, https:\/\/veronasdavit.org\/veronasdavit\/wp-content\/uploads\/2025\/06\/01-3-300x169.jpg 300w, https:\/\/veronasdavit.org\/veronasdavit\/wp-content\/uploads\/2025\/06\/01-3-768x432.jpg 768w, https:\/\/veronasdavit.org\/veronasdavit\/wp-content\/uploads\/2025\/06\/01-3-600x338.jpg 600w\" data-sizes=\"(max-width: 960px) 100vw, 960px\" src=\"data:image\/svg+xml;base64,PHN2ZyB3aWR0aD0iMSIgaGVpZ2h0PSIxIiB4bWxucz0iaHR0cDovL3d3dy53My5vcmcvMjAwMC9zdmciPjwvc3ZnPg==\" style=\"--smush-placeholder-width: 960px; --smush-placeholder-aspect-ratio: 960\/540;\" \/><\/figure>\n\n\n\n<figure class=\"wp-block-image size-large\"><img decoding=\"async\" width=\"960\" height=\"540\" data-id=\"4488\" data-src=\"https:\/\/veronasdavit.org\/veronasdavit\/wp-content\/uploads\/2025\/06\/02-4.jpg\" alt=\"\" class=\"wp-image-4488 lazyload\" data-srcset=\"https:\/\/veronasdavit.org\/veronasdavit\/wp-content\/uploads\/2025\/06\/02-4.jpg 960w, https:\/\/veronasdavit.org\/veronasdavit\/wp-content\/uploads\/2025\/06\/02-4-300x169.jpg 300w, https:\/\/veronasdavit.org\/veronasdavit\/wp-content\/uploads\/2025\/06\/02-4-768x432.jpg 768w, https:\/\/veronasdavit.org\/veronasdavit\/wp-content\/uploads\/2025\/06\/02-4-600x338.jpg 600w\" data-sizes=\"(max-width: 960px) 100vw, 960px\" src=\"data:image\/svg+xml;base64,PHN2ZyB3aWR0aD0iMSIgaGVpZ2h0PSIxIiB4bWxucz0iaHR0cDovL3d3dy53My5vcmcvMjAwMC9zdmciPjwvc3ZnPg==\" style=\"--smush-placeholder-width: 960px; --smush-placeholder-aspect-ratio: 960\/540;\" \/><\/figure>\n<\/figure>\n\n    <div class=\"xs_social_share_widget xs_share_url after_content \t\tmain_content  wslu-style-1 wslu-share-box-shaped wslu-fill-colored wslu-none wslu-share-horizontal wslu-theme-font-no wslu-main_content\">\n\n\t\t\n        <ul>\n\t\t\t        <\/ul>\n    <\/div> \n","protected":false},"excerpt":{"rendered":"<p>Em Setembro, dia 21 do ano 2021, em alus\u00e3o ao m\u00eas da Crian\u00e7a, A Associa\u00e7\u00e3o Veronas Davit realizou uma a\u00e7\u00e3o social no Centro de Acolhimento de Idosos, vulgo beiral; uma actividade que contou com a entrega dos seguintes produtos:<\/p>\n","protected":false},"author":1,"featured_media":4490,"comment_status":"open","ping_status":"open","sticky":false,"template":"","format":"standard","meta":{"_acf_changed":false,"give_campaign_id":0,"postBodyCss":"","postBodyMargin":[],"postBodyPadding":[],"postBodyBackground":{"backgroundType":"classic","gradient":""},"footnotes":""},"categories":[41],"tags":[],"class_list":["post-4487","post","type-post","status-publish","format-standard","has-post-thumbnail","hentry","category-actividades-sociais"],"acf":[],"_links":{"self":[{"href":"https:\/\/veronasdavit.org\/veronasdavit\/wp-json\/wp\/v2\/posts\/4487","targetHints":{"allow":["GET"]}}],"collection":[{"href":"https:\/\/veronasdavit.org\/veronasdavit\/wp-json\/wp\/v2\/posts"}],"about":[{"href":"https:\/\/veronasdavit.org\/veronasdavit\/wp-json\/wp\/v2\/types\/post"}],"author":[{"embeddable":true,"href":"https:\/\/veronasdavit.org\/veronasdavit\/wp-json\/wp\/v2\/users\/1"}],"replies":[{"embeddable":true,"href":"https:\/\/veronasdavit.org\/veronasdavit\/wp-json\/wp\/v2\/comments?post=4487"}],"version-history":[{"count":1,"href":"https:\/\/veronasdavit.org\/veronasdavit\/wp-json\/wp\/v2\/posts\/4487\/revisions"}],"predecessor-version":[{"id":4491,"href":"https:\/\/veronasdavit.org\/veronasdavit\/wp-json\/wp\/v2\/posts\/4487\/revisions\/4491"}],"wp:featuredmedia":[{"embeddable":true,"href":"https:\/\/veronasdavit.org\/veronasdavit\/wp-json\/wp\/v2\/media\/4490"}],"wp:attachment":[{"href":"https:\/\/veronasdavit.org\/veronasdavit\/wp-json\/wp\/v2\/media?parent=4487"}],"wp:term":[{"taxonomy":"category","embeddable":true,"href":"https:\/\/veronasdavit.org\/veronasdavit\/wp-json\/wp\/v2\/categories?post=4487"},{"taxonomy":"post_tag","embeddable":true,"href":"https:\/\/veronasdavit.org\/veronasdavit\/wp-json\/wp\/v2\/tags?post=4487"}],"curies":[{"name":"wp","href":"https:\/\/api.w.org\/{rel}","templated":true}]}}