{"id":4483,"date":"2019-11-15T03:31:00","date_gmt":"2019-11-15T02:31:00","guid":{"rendered":"https:\/\/veronasdavit.org\/veronasdavit\/?p=4483"},"modified":"2025-06-16T03:43:31","modified_gmt":"2025-06-16T02:43:31","slug":"actividade-realizada-no-bengo","status":"publish","type":"post","link":"https:\/\/veronasdavit.org\/veronasdavit\/actividade-realizada-no-bengo\/","title":{"rendered":"ACTIVIDADE REALIZADA NO BENGO"},"content":{"rendered":"\n<p>Em Novembro, dia 15 do ano 2019, A Associa\u00e7\u00e3o Veronas Davit realizou uma a\u00e7\u00e3o social no Bengo-Kinji Piri; uma actividade que contou com a entrega dos seguintes produtos:<\/p>\n\n\n\n<ul class=\"wp-block-list\">\n<li>Arroz<\/li>\n\n\n\n<li>\u00d3leo alimentar<\/li>\n\n\n\n<li>Fub\u00e1 de milho<\/li>\n\n\n\n<li>A\u00e7\u00facar<\/li>\n\n\n\n<li>Massa.<\/li>\n<\/ul>\n\n\n\n<figure class=\"wp-block-gallery has-nested-images columns-default is-cropped wp-block-gallery-1 is-layout-flex wp-block-gallery-is-layout-flex\">\n<figure class=\"wp-block-image size-large\"><img fetchpriority=\"high\" decoding=\"async\" width=\"1024\" height=\"768\" data-id=\"4485\" src=\"https:\/\/veronasdavit.org\/veronasdavit\/wp-content\/uploads\/2025\/06\/Destaque-2-1024x768.jpg\" alt=\"\" class=\"wp-image-4485\" srcset=\"https:\/\/veronasdavit.org\/veronasdavit\/wp-content\/uploads\/2025\/06\/Destaque-2-1024x768.jpg 1024w, https:\/\/veronasdavit.org\/veronasdavit\/wp-content\/uploads\/2025\/06\/Destaque-2-300x225.jpg 300w, https:\/\/veronasdavit.org\/veronasdavit\/wp-content\/uploads\/2025\/06\/Destaque-2-768x576.jpg 768w, https:\/\/veronasdavit.org\/veronasdavit\/wp-content\/uploads\/2025\/06\/Destaque-2-1536x1152.jpg 1536w, https:\/\/veronasdavit.org\/veronasdavit\/wp-content\/uploads\/2025\/06\/Destaque-2-600x450.jpg 600w, https:\/\/veronasdavit.org\/veronasdavit\/wp-content\/uploads\/2025\/06\/Destaque-2.jpg 1600w\" sizes=\"(max-width: 1024px) 100vw, 1024px\" \/><\/figure>\n\n\n\n<figure class=\"wp-block-image size-large\"><img decoding=\"async\" width=\"1024\" height=\"768\" data-id=\"4484\" data-src=\"https:\/\/veronasdavit.org\/veronasdavit\/wp-content\/uploads\/2025\/06\/Destaque-1024x768.jpg\" alt=\"\" class=\"wp-image-4484 lazyload\" data-srcset=\"https:\/\/veronasdavit.org\/veronasdavit\/wp-content\/uploads\/2025\/06\/Destaque-1024x768.jpg 1024w, https:\/\/veronasdavit.org\/veronasdavit\/wp-content\/uploads\/2025\/06\/Destaque-300x225.jpg 300w, https:\/\/veronasdavit.org\/veronasdavit\/wp-content\/uploads\/2025\/06\/Destaque-768x576.jpg 768w, https:\/\/veronasdavit.org\/veronasdavit\/wp-content\/uploads\/2025\/06\/Destaque-1536x1152.jpg 1536w, https:\/\/veronasdavit.org\/veronasdavit\/wp-content\/uploads\/2025\/06\/Destaque-600x450.jpg 600w, https:\/\/veronasdavit.org\/veronasdavit\/wp-content\/uploads\/2025\/06\/Destaque.jpg 1600w\" data-sizes=\"(max-width: 1024px) 100vw, 1024px\" src=\"data:image\/svg+xml;base64,PHN2ZyB3aWR0aD0iMSIgaGVpZ2h0PSIxIiB4bWxucz0iaHR0cDovL3d3dy53My5vcmcvMjAwMC9zdmciPjwvc3ZnPg==\" style=\"--smush-placeholder-width: 1024px; --smush-placeholder-aspect-ratio: 1024\/768;\" \/><\/figure>\n<\/figure>\n\n    <div class=\"xs_social_share_widget xs_share_url after_content \t\tmain_content  wslu-style-1 wslu-share-box-shaped wslu-fill-colored wslu-none wslu-share-horizontal wslu-theme-font-no wslu-main_content\">\n\n\t\t\n        <ul>\n\t\t\t        <\/ul>\n    <\/div> \n","protected":false},"excerpt":{"rendered":"<p>Em Novembro, dia 15 do ano 2019, A Associa\u00e7\u00e3o Veronas Davit realizou uma a\u00e7\u00e3o social no Bengo-Kinji Piri; uma actividade que contou com a entrega dos seguintes produtos:<\/p>\n","protected":false},"author":1,"featured_media":4484,"comment_status":"open","ping_status":"open","sticky":false,"template":"","format":"standard","meta":{"_acf_changed":false,"give_campaign_id":0,"postBodyCss":"","postBodyMargin":[],"postBodyPadding":[],"postBodyBackground":{"backgroundType":"classic","gradient":""},"footnotes":""},"categories":[41],"tags":[],"class_list":["post-4483","post","type-post","status-publish","format-standard","has-post-thumbnail","hentry","category-actividades-sociais"],"acf":[],"_links":{"self":[{"href":"https:\/\/veronasdavit.org\/veronasdavit\/wp-json\/wp\/v2\/posts\/4483","targetHints":{"allow":["GET"]}}],"collection":[{"href":"https:\/\/veronasdavit.org\/veronasdavit\/wp-json\/wp\/v2\/posts"}],"about":[{"href":"https:\/\/veronasdavit.org\/veronasdavit\/wp-json\/wp\/v2\/types\/post"}],"author":[{"embeddable":true,"href":"https:\/\/veronasdavit.org\/veronasdavit\/wp-json\/wp\/v2\/users\/1"}],"replies":[{"embeddable":true,"href":"https:\/\/veronasdavit.org\/veronasdavit\/wp-json\/wp\/v2\/comments?post=4483"}],"version-history":[{"count":2,"href":"https:\/\/veronasdavit.org\/veronasdavit\/wp-json\/wp\/v2\/posts\/4483\/revisions"}],"predecessor-version":[{"id":4493,"href":"https:\/\/veronasdavit.org\/veronasdavit\/wp-json\/wp\/v2\/posts\/4483\/revisions\/4493"}],"wp:featuredmedia":[{"embeddable":true,"href":"https:\/\/veronasdavit.org\/veronasdavit\/wp-json\/wp\/v2\/media\/4484"}],"wp:attachment":[{"href":"https:\/\/veronasdavit.org\/veronasdavit\/wp-json\/wp\/v2\/media?parent=4483"}],"wp:term":[{"taxonomy":"category","embeddable":true,"href":"https:\/\/veronasdavit.org\/veronasdavit\/wp-json\/wp\/v2\/categories?post=4483"},{"taxonomy":"post_tag","embeddable":true,"href":"https:\/\/veronasdavit.org\/veronasdavit\/wp-json\/wp\/v2\/tags?post=4483"}],"curies":[{"name":"wp","href":"https:\/\/api.w.org\/{rel}","templated":true}]}}