{"id":4457,"date":"2017-06-15T02:58:00","date_gmt":"2017-06-15T01:58:00","guid":{"rendered":"https:\/\/veronasdavit.org\/veronasdavit\/?p=4457"},"modified":"2025-06-16T03:44:26","modified_gmt":"2025-06-16T02:44:26","slug":"lar-de-acolhimento-nao-ha-orfaos-de-deus","status":"publish","type":"post","link":"https:\/\/veronasdavit.org\/veronasdavit\/lar-de-acolhimento-nao-ha-orfaos-de-deus\/","title":{"rendered":"LAR DE ACOLHIMENTO N\u00c3O H\u00c1 \u00d3RF\u00c3OS DE DEUS"},"content":{"rendered":"\n<p>Em Junho, dia 15 do ano 2017, em alus\u00e3o ao m\u00eas da Crian\u00e7a, A Associa\u00e7\u00e3o Veronas Davit realizou uma a\u00e7\u00e3o social no Centro de Acolhimento de Crian\u00e7as n\u00e3o h\u00e1 orf\u00f5es de Deus; uma actividade que contou com a entrega dos seguintes produtos:<\/p>\n\n\n\n<ul class=\"wp-block-list\">\n<li>Arroz<\/li>\n\n\n\n<li>\u00d3leo alimentar<\/li>\n\n\n\n<li>Fub\u00e1 de milho<\/li>\n\n\n\n<li>A\u00e7\u00facar<\/li>\n\n\n\n<li>Massa<\/li>\n\n\n\n<li>Kit de brinquedo.<\/li>\n<\/ul>\n\n\n\n<figure class=\"wp-block-gallery has-nested-images columns-default is-cropped wp-block-gallery-1 is-layout-flex wp-block-gallery-is-layout-flex\">\n<figure class=\"wp-block-image size-large\"><img fetchpriority=\"high\" decoding=\"async\" width=\"1024\" height=\"576\" data-id=\"4458\" src=\"https:\/\/veronasdavit.org\/veronasdavit\/wp-content\/uploads\/2025\/06\/01-1024x576.jpg\" alt=\"\" class=\"wp-image-4458\" srcset=\"https:\/\/veronasdavit.org\/veronasdavit\/wp-content\/uploads\/2025\/06\/01-1024x576.jpg 1024w, https:\/\/veronasdavit.org\/veronasdavit\/wp-content\/uploads\/2025\/06\/01-300x169.jpg 300w, https:\/\/veronasdavit.org\/veronasdavit\/wp-content\/uploads\/2025\/06\/01-768x432.jpg 768w, https:\/\/veronasdavit.org\/veronasdavit\/wp-content\/uploads\/2025\/06\/01-600x338.jpg 600w, https:\/\/veronasdavit.org\/veronasdavit\/wp-content\/uploads\/2025\/06\/01.jpg 1280w\" sizes=\"(max-width: 1024px) 100vw, 1024px\" \/><\/figure>\n\n\n\n<figure class=\"wp-block-image size-large\"><img decoding=\"async\" width=\"1024\" height=\"576\" data-id=\"4459\" data-src=\"https:\/\/veronasdavit.org\/veronasdavit\/wp-content\/uploads\/2025\/06\/02-1024x576.jpg\" alt=\"\" class=\"wp-image-4459 lazyload\" data-srcset=\"https:\/\/veronasdavit.org\/veronasdavit\/wp-content\/uploads\/2025\/06\/02-1024x576.jpg 1024w, https:\/\/veronasdavit.org\/veronasdavit\/wp-content\/uploads\/2025\/06\/02-300x169.jpg 300w, https:\/\/veronasdavit.org\/veronasdavit\/wp-content\/uploads\/2025\/06\/02-768x432.jpg 768w, https:\/\/veronasdavit.org\/veronasdavit\/wp-content\/uploads\/2025\/06\/02-600x338.jpg 600w, https:\/\/veronasdavit.org\/veronasdavit\/wp-content\/uploads\/2025\/06\/02.jpg 1280w\" data-sizes=\"(max-width: 1024px) 100vw, 1024px\" src=\"data:image\/svg+xml;base64,PHN2ZyB3aWR0aD0iMSIgaGVpZ2h0PSIxIiB4bWxucz0iaHR0cDovL3d3dy53My5vcmcvMjAwMC9zdmciPjwvc3ZnPg==\" style=\"--smush-placeholder-width: 1024px; --smush-placeholder-aspect-ratio: 1024\/576;\" \/><\/figure>\n\n\n\n<figure class=\"wp-block-image size-large\"><img decoding=\"async\" width=\"576\" height=\"1024\" data-id=\"4460\" data-src=\"https:\/\/veronasdavit.org\/veronasdavit\/wp-content\/uploads\/2025\/06\/03-576x1024.jpg\" alt=\"\" class=\"wp-image-4460 lazyload\" data-srcset=\"https:\/\/veronasdavit.org\/veronasdavit\/wp-content\/uploads\/2025\/06\/03-576x1024.jpg 576w, https:\/\/veronasdavit.org\/veronasdavit\/wp-content\/uploads\/2025\/06\/03-169x300.jpg 169w, https:\/\/veronasdavit.org\/veronasdavit\/wp-content\/uploads\/2025\/06\/03-600x1067.jpg 600w, https:\/\/veronasdavit.org\/veronasdavit\/wp-content\/uploads\/2025\/06\/03.jpg 720w\" data-sizes=\"(max-width: 576px) 100vw, 576px\" src=\"data:image\/svg+xml;base64,PHN2ZyB3aWR0aD0iMSIgaGVpZ2h0PSIxIiB4bWxucz0iaHR0cDovL3d3dy53My5vcmcvMjAwMC9zdmciPjwvc3ZnPg==\" style=\"--smush-placeholder-width: 576px; --smush-placeholder-aspect-ratio: 576\/1024;\" \/><\/figure>\n<\/figure>\n\n    <div class=\"xs_social_share_widget xs_share_url after_content \t\tmain_content  wslu-style-1 wslu-share-box-shaped wslu-fill-colored wslu-none wslu-share-horizontal wslu-theme-font-no wslu-main_content\">\n\n\t\t\n        <ul>\n\t\t\t        <\/ul>\n    <\/div> \n","protected":false},"excerpt":{"rendered":"<p>Em Junho, dia 15 do ano 2017, em alus\u00e3o ao m\u00eas da Crian\u00e7a, A Associa\u00e7\u00e3o Veronas Davit realizou uma a\u00e7\u00e3o social no Centro de Acolhimento de Crian\u00e7as n\u00e3o h\u00e1 orf\u00f5es de Deus; uma actividade que contou com a entrega dos seguintes produtos:<\/p>\n","protected":false},"author":1,"featured_media":4460,"comment_status":"open","ping_status":"open","sticky":false,"template":"","format":"standard","meta":{"_acf_changed":false,"give_campaign_id":0,"postBodyCss":"","postBodyMargin":[],"postBodyPadding":[],"postBodyBackground":{"backgroundType":"classic","gradient":""},"footnotes":""},"categories":[41],"tags":[],"class_list":["post-4457","post","type-post","status-publish","format-standard","has-post-thumbnail","hentry","category-actividades-sociais"],"acf":[],"_links":{"self":[{"href":"https:\/\/veronasdavit.org\/veronasdavit\/wp-json\/wp\/v2\/posts\/4457","targetHints":{"allow":["GET"]}}],"collection":[{"href":"https:\/\/veronasdavit.org\/veronasdavit\/wp-json\/wp\/v2\/posts"}],"about":[{"href":"https:\/\/veronasdavit.org\/veronasdavit\/wp-json\/wp\/v2\/types\/post"}],"author":[{"embeddable":true,"href":"https:\/\/veronasdavit.org\/veronasdavit\/wp-json\/wp\/v2\/users\/1"}],"replies":[{"embeddable":true,"href":"https:\/\/veronasdavit.org\/veronasdavit\/wp-json\/wp\/v2\/comments?post=4457"}],"version-history":[{"count":3,"href":"https:\/\/veronasdavit.org\/veronasdavit\/wp-json\/wp\/v2\/posts\/4457\/revisions"}],"predecessor-version":[{"id":4495,"href":"https:\/\/veronasdavit.org\/veronasdavit\/wp-json\/wp\/v2\/posts\/4457\/revisions\/4495"}],"wp:featuredmedia":[{"embeddable":true,"href":"https:\/\/veronasdavit.org\/veronasdavit\/wp-json\/wp\/v2\/media\/4460"}],"wp:attachment":[{"href":"https:\/\/veronasdavit.org\/veronasdavit\/wp-json\/wp\/v2\/media?parent=4457"}],"wp:term":[{"taxonomy":"category","embeddable":true,"href":"https:\/\/veronasdavit.org\/veronasdavit\/wp-json\/wp\/v2\/categories?post=4457"},{"taxonomy":"post_tag","embeddable":true,"href":"https:\/\/veronasdavit.org\/veronasdavit\/wp-json\/wp\/v2\/tags?post=4457"}],"curies":[{"name":"wp","href":"https:\/\/api.w.org\/{rel}","templated":true}]}}